{"id":122247,"date":"2021-01-14T22:25:33","date_gmt":"2021-01-14T22:25:33","guid":{"rendered":"https:\/\/sonographycanada.ca\/?post_type=news&#038;p=122247"},"modified":"2021-01-15T00:09:30","modified_gmt":"2021-01-15T00:09:30","slug":"echographie-canada-introduit-un-tout-nouveau-comite-axe-sur-le-developpement-professionnel-continu","status":"publish","type":"news","link":"https:\/\/sonographycanada.ca\/fr\/news\/echographie-canada-introduit-un-tout-nouveau-comite-axe-sur-le-developpement-professionnel-continu","title":{"rendered":"\u00c9chographie Canada introduit un tout nouveau comit\u00e9 ax\u00e9 sur le d\u00e9veloppement professionnel continu"},"content":{"rendered":"<div class=\"wp-block-image\"><figure class=\"aligncenter size-large\"><img loading=\"lazy\" decoding=\"async\" width=\"600\" height=\"335\" src=\"https:\/\/sonographycanada.ca\/app\/uploads\/2021\/01\/Committee.png\" alt=\"\" class=\"wp-image-122244\" srcset=\"https:\/\/sonographycanada.ca\/app\/uploads\/2021\/01\/Committee.png 600w, https:\/\/sonographycanada.ca\/app\/uploads\/2021\/01\/Committee-300x168.png 300w, https:\/\/sonographycanada.ca\/app\/uploads\/2021\/01\/Committee-358x200.png 358w\" sizes=\"(max-width: 600px) 100vw, 600px\" \/><\/figure><\/div><p>L\u2019acc\u00e8s \u00e0 des occasions de DPC pertinentes, de grande qualit\u00e9, et abordables est l\u2019une des plus grandes priorit\u00e9s de nos membres. Afin de rencontrer ce besoin, nous avons cr\u00e9\u00e9 un tout nouveau comit\u00e9 charg\u00e9 d\u2019orienter le d\u00e9veloppement, la gestion et l\u2019administration de possibilit\u00e9s de formation professionnelle continue am\u00e9lior\u00e9es \u00e0 l\u2019intention des membres d\u2019\u00c9chographie Canada.  Notre objectif&nbsp;: mettre \u00e0 la disposition de nos membres une plus grande vari\u00e9t\u00e9 d\u2019occasions de DPC et de favoriser les pratiques exemplaires afin de s\u2019assurer que l\u2019\u00e9chographie soit pratiqu\u00e9e avec excellence. <\/p><p><strong><a href=\"https:\/\/sonographycanada.ca\/fr\/comite-sur-le-developpement-professionnel-continu\">Cliquez ici<\/a> <\/strong>pour en apprendre davantage au sujet du Comit\u00e9 sur le d\u00e9veloppement professionnel continu.<\/p>","protected":false},"author":1307,"featured_media":1189,"template":"","class_list":["post-122247","news","type-news","status-publish","has-post-thumbnail","hentry"],"acf":[],"yoast_head":"<!-- This site is optimized with the Yoast SEO plugin v23.5 - https:\/\/yoast.com\/wordpress\/plugins\/seo\/ -->\n<title>\u00c9chographie Canada introduit un tout nouveau comit\u00e9 ax\u00e9 sur le d\u00e9veloppement professionnel continu - \u00c9chographie Canada<\/title>\n<meta name=\"robots\" content=\"index, follow, max-snippet:-1, max-image-preview:large, max-video-preview:-1\" \/>\n<link rel=\"canonical\" href=\"https:\/\/sonographycanada.ca\/fr\/news\/echographie-canada-introduit-un-tout-nouveau-comite-axe-sur-le-developpement-professionnel-continu\" \/>\n<meta property=\"og:locale\" content=\"fr_FR\" \/>\n<meta property=\"og:type\" content=\"article\" \/>\n<meta property=\"og:title\" content=\"\u00c9chographie Canada introduit un tout nouveau comit\u00e9 ax\u00e9 sur le d\u00e9veloppement professionnel continu - \u00c9chographie Canada\" \/>\n<meta property=\"og:description\" content=\"L\u2019acc\u00e8s \u00e0 des occasions de DPC pertinentes, de grande qualit\u00e9, et abordables est l\u2019une des plus grandes priorit\u00e9s de nos membres. Afin de rencontrer ce besoin, nous avons cr\u00e9\u00e9 un tout nouveau comit\u00e9 charg\u00e9 d\u2019orienter le d\u00e9veloppement, la gestion et l\u2019administration de possibilit\u00e9s de formation professionnelle continue am\u00e9lior\u00e9es \u00e0 l\u2019intention des membres d\u2019\u00c9chographie Canada. Notre [&hellip;]\" \/>\n<meta property=\"og:url\" content=\"https:\/\/sonographycanada.ca\/fr\/news\/echographie-canada-introduit-un-tout-nouveau-comite-axe-sur-le-developpement-professionnel-continu\" \/>\n<meta property=\"og:site_name\" content=\"\u00c9chographie Canada\" \/>\n<meta property=\"article:modified_time\" content=\"2021-01-15T00:09:30+00:00\" \/>\n<meta property=\"og:image\" content=\"https:\/\/sonographycanada.ca\/app\/uploads\/2019\/03\/554D05745E19349891B20E73B2E84C5020180312094515_o.jpg\" \/>\n\t<meta property=\"og:image:width\" content=\"151\" \/>\n\t<meta property=\"og:image:height\" content=\"151\" \/>\n\t<meta property=\"og:image:type\" content=\"image\/jpeg\" \/>\n<meta name=\"twitter:card\" content=\"summary_large_image\" \/>\n<meta name=\"twitter:label1\" content=\"Est. reading time\" \/>\n\t<meta name=\"twitter:data1\" content=\"1 minute\" \/>\n<script type=\"application\/ld+json\" class=\"yoast-schema-graph\">{\"@context\":\"https:\/\/schema.org\",\"@graph\":[{\"@type\":\"WebPage\",\"@id\":\"https:\/\/sonographycanada.ca\/fr\/news\/echographie-canada-introduit-un-tout-nouveau-comite-axe-sur-le-developpement-professionnel-continu\",\"url\":\"https:\/\/sonographycanada.ca\/fr\/news\/echographie-canada-introduit-un-tout-nouveau-comite-axe-sur-le-developpement-professionnel-continu\",\"name\":\"\u00c9chographie Canada introduit un tout nouveau comit\u00e9 ax\u00e9 sur le d\u00e9veloppement professionnel continu - \u00c9chographie Canada\",\"isPartOf\":{\"@id\":\"https:\/\/sonographycanada.ca\/#website\"},\"primaryImageOfPage\":{\"@id\":\"https:\/\/sonographycanada.ca\/fr\/news\/echographie-canada-introduit-un-tout-nouveau-comite-axe-sur-le-developpement-professionnel-continu#primaryimage\"},\"image\":{\"@id\":\"https:\/\/sonographycanada.ca\/fr\/news\/echographie-canada-introduit-un-tout-nouveau-comite-axe-sur-le-developpement-professionnel-continu#primaryimage\"},\"thumbnailUrl\":\"https:\/\/sonographycanada.ca\/app\/uploads\/2019\/03\/554D05745E19349891B20E73B2E84C5020180312094515_o.jpg\",\"datePublished\":\"2021-01-14T22:25:33+00:00\",\"dateModified\":\"2021-01-15T00:09:30+00:00\",\"breadcrumb\":{\"@id\":\"https:\/\/sonographycanada.ca\/fr\/news\/echographie-canada-introduit-un-tout-nouveau-comite-axe-sur-le-developpement-professionnel-continu#breadcrumb\"},\"inLanguage\":\"fr-FR\",\"potentialAction\":[{\"@type\":\"ReadAction\",\"target\":[\"https:\/\/sonographycanada.ca\/fr\/news\/echographie-canada-introduit-un-tout-nouveau-comite-axe-sur-le-developpement-professionnel-continu\"]}]},{\"@type\":\"ImageObject\",\"inLanguage\":\"fr-FR\",\"@id\":\"https:\/\/sonographycanada.ca\/fr\/news\/echographie-canada-introduit-un-tout-nouveau-comite-axe-sur-le-developpement-professionnel-continu#primaryimage\",\"url\":\"https:\/\/sonographycanada.ca\/app\/uploads\/2019\/03\/554D05745E19349891B20E73B2E84C5020180312094515_o.jpg\",\"contentUrl\":\"https:\/\/sonographycanada.ca\/app\/uploads\/2019\/03\/554D05745E19349891B20E73B2E84C5020180312094515_o.jpg\",\"width\":151,\"height\":151},{\"@type\":\"BreadcrumbList\",\"@id\":\"https:\/\/sonographycanada.ca\/fr\/news\/echographie-canada-introduit-un-tout-nouveau-comite-axe-sur-le-developpement-professionnel-continu#breadcrumb\",\"itemListElement\":[{\"@type\":\"ListItem\",\"position\":1,\"name\":\"Accueil\",\"item\":\"https:\/\/sonographycanada.ca\/fr\"},{\"@type\":\"ListItem\",\"position\":2,\"name\":\"\u00c0 propos\",\"item\":\"https:\/\/sonographycanada.ca\/fr\/a-propos\"},{\"@type\":\"ListItem\",\"position\":3,\"name\":\"Derni\u00e8res nouvelles\",\"item\":\"https:\/\/sonographycanada.ca\/fr\/a-propos\/dernieres-nouvelles\"},{\"@type\":\"ListItem\",\"position\":4,\"name\":\"\u00c9chographie Canada introduit un tout nouveau comit\u00e9 ax\u00e9 sur le d\u00e9veloppement professionnel continu\"}]},{\"@type\":\"WebSite\",\"@id\":\"https:\/\/sonographycanada.ca\/#website\",\"url\":\"https:\/\/sonographycanada.ca\/\",\"name\":\"\u00c9chographie Canada\",\"description\":\"La voix des \u00e9chographistes m\u00e9dicaux diagnostiques au Canada\",\"potentialAction\":[{\"@type\":\"SearchAction\",\"target\":{\"@type\":\"EntryPoint\",\"urlTemplate\":\"https:\/\/sonographycanada.ca\/?s={search_term_string}\"},\"query-input\":{\"@type\":\"PropertyValueSpecification\",\"valueRequired\":true,\"valueName\":\"search_term_string\"}}],\"inLanguage\":\"fr-FR\"}]}<\/script>\n<!-- \/ Yoast SEO plugin. -->","yoast_head_json":{"title":"\u00c9chographie Canada introduit un tout nouveau comit\u00e9 ax\u00e9 sur le d\u00e9veloppement professionnel continu - \u00c9chographie Canada","robots":{"index":"index","follow":"follow","max-snippet":"max-snippet:-1","max-image-preview":"max-image-preview:large","max-video-preview":"max-video-preview:-1"},"canonical":"https:\/\/sonographycanada.ca\/fr\/news\/echographie-canada-introduit-un-tout-nouveau-comite-axe-sur-le-developpement-professionnel-continu","og_locale":"fr_FR","og_type":"article","og_title":"\u00c9chographie Canada introduit un tout nouveau comit\u00e9 ax\u00e9 sur le d\u00e9veloppement professionnel continu - \u00c9chographie Canada","og_description":"L\u2019acc\u00e8s \u00e0 des occasions de DPC pertinentes, de grande qualit\u00e9, et abordables est l\u2019une des plus grandes priorit\u00e9s de nos membres. Afin de rencontrer ce besoin, nous avons cr\u00e9\u00e9 un tout nouveau comit\u00e9 charg\u00e9 d\u2019orienter le d\u00e9veloppement, la gestion et l\u2019administration de possibilit\u00e9s de formation professionnelle continue am\u00e9lior\u00e9es \u00e0 l\u2019intention des membres d\u2019\u00c9chographie Canada. Notre [&hellip;]","og_url":"https:\/\/sonographycanada.ca\/fr\/news\/echographie-canada-introduit-un-tout-nouveau-comite-axe-sur-le-developpement-professionnel-continu","og_site_name":"\u00c9chographie Canada","article_modified_time":"2021-01-15T00:09:30+00:00","og_image":[{"width":151,"height":151,"url":"https:\/\/sonographycanada.ca\/app\/uploads\/2019\/03\/554D05745E19349891B20E73B2E84C5020180312094515_o.jpg","type":"image\/jpeg"}],"twitter_card":"summary_large_image","twitter_misc":{"Est. reading time":"1 minute"},"schema":{"@context":"https:\/\/schema.org","@graph":[{"@type":"WebPage","@id":"https:\/\/sonographycanada.ca\/fr\/news\/echographie-canada-introduit-un-tout-nouveau-comite-axe-sur-le-developpement-professionnel-continu","url":"https:\/\/sonographycanada.ca\/fr\/news\/echographie-canada-introduit-un-tout-nouveau-comite-axe-sur-le-developpement-professionnel-continu","name":"\u00c9chographie Canada introduit un tout nouveau comit\u00e9 ax\u00e9 sur le d\u00e9veloppement professionnel continu - \u00c9chographie Canada","isPartOf":{"@id":"https:\/\/sonographycanada.ca\/#website"},"primaryImageOfPage":{"@id":"https:\/\/sonographycanada.ca\/fr\/news\/echographie-canada-introduit-un-tout-nouveau-comite-axe-sur-le-developpement-professionnel-continu#primaryimage"},"image":{"@id":"https:\/\/sonographycanada.ca\/fr\/news\/echographie-canada-introduit-un-tout-nouveau-comite-axe-sur-le-developpement-professionnel-continu#primaryimage"},"thumbnailUrl":"https:\/\/sonographycanada.ca\/app\/uploads\/2019\/03\/554D05745E19349891B20E73B2E84C5020180312094515_o.jpg","datePublished":"2021-01-14T22:25:33+00:00","dateModified":"2021-01-15T00:09:30+00:00","breadcrumb":{"@id":"https:\/\/sonographycanada.ca\/fr\/news\/echographie-canada-introduit-un-tout-nouveau-comite-axe-sur-le-developpement-professionnel-continu#breadcrumb"},"inLanguage":"fr-FR","potentialAction":[{"@type":"ReadAction","target":["https:\/\/sonographycanada.ca\/fr\/news\/echographie-canada-introduit-un-tout-nouveau-comite-axe-sur-le-developpement-professionnel-continu"]}]},{"@type":"ImageObject","inLanguage":"fr-FR","@id":"https:\/\/sonographycanada.ca\/fr\/news\/echographie-canada-introduit-un-tout-nouveau-comite-axe-sur-le-developpement-professionnel-continu#primaryimage","url":"https:\/\/sonographycanada.ca\/app\/uploads\/2019\/03\/554D05745E19349891B20E73B2E84C5020180312094515_o.jpg","contentUrl":"https:\/\/sonographycanada.ca\/app\/uploads\/2019\/03\/554D05745E19349891B20E73B2E84C5020180312094515_o.jpg","width":151,"height":151},{"@type":"BreadcrumbList","@id":"https:\/\/sonographycanada.ca\/fr\/news\/echographie-canada-introduit-un-tout-nouveau-comite-axe-sur-le-developpement-professionnel-continu#breadcrumb","itemListElement":[{"@type":"ListItem","position":1,"name":"Accueil","item":"https:\/\/sonographycanada.ca\/fr"},{"@type":"ListItem","position":2,"name":"\u00c0 propos","item":"https:\/\/sonographycanada.ca\/fr\/a-propos"},{"@type":"ListItem","position":3,"name":"Derni\u00e8res nouvelles","item":"https:\/\/sonographycanada.ca\/fr\/a-propos\/dernieres-nouvelles"},{"@type":"ListItem","position":4,"name":"\u00c9chographie Canada introduit un tout nouveau comit\u00e9 ax\u00e9 sur le d\u00e9veloppement professionnel continu"}]},{"@type":"WebSite","@id":"https:\/\/sonographycanada.ca\/#website","url":"https:\/\/sonographycanada.ca\/","name":"\u00c9chographie Canada","description":"La voix des \u00e9chographistes m\u00e9dicaux diagnostiques au Canada","potentialAction":[{"@type":"SearchAction","target":{"@type":"EntryPoint","urlTemplate":"https:\/\/sonographycanada.ca\/?s={search_term_string}"},"query-input":{"@type":"PropertyValueSpecification","valueRequired":true,"valueName":"search_term_string"}}],"inLanguage":"fr-FR"}]}},"featured_img":"https:\/\/sonographycanada.ca\/app\/uploads\/2019\/03\/554D05745E19349891B20E73B2E84C5020180312094515_o.jpg","coauthors":[],"author_meta":{"author_link":"https:\/\/sonographycanada.ca\/fr\/author\/d3ec179a-ede2-4f9f-a4d2-8551ac33d43f","display_name":"Natalie Wright"},"relative_dates":{"created":"Publi\u00e9 5 years il y a","modified":"Mis \u00e0 jour 5 years il y a"},"absolute_dates":{"created":"Publi\u00e9 le janvier 14, 2021","modified":"Mise \u00e0 jour le janvier 15, 2021"},"absolute_dates_time":{"created":"Publi\u00e9 le janvier 14, 2021 10:25 pm","modified":"Mise \u00e0 jour le janvier 15, 2021 12:09 am"},"featured_img_caption":"","tax_additional":[],"series_order":"","_links":{"self":[{"href":"https:\/\/sonographycanada.ca\/fr\/wp-json\/wp\/v2\/news\/122247"}],"collection":[{"href":"https:\/\/sonographycanada.ca\/fr\/wp-json\/wp\/v2\/news"}],"about":[{"href":"https:\/\/sonographycanada.ca\/fr\/wp-json\/wp\/v2\/types\/news"}],"wp:featuredmedia":[{"embeddable":true,"href":"https:\/\/sonographycanada.ca\/fr\/wp-json\/wp\/v2\/media\/1189"}],"wp:attachment":[{"href":"https:\/\/sonographycanada.ca\/fr\/wp-json\/wp\/v2\/media?parent=122247"}],"curies":[{"name":"wp","href":"https:\/\/api.w.org\/{rel}","templated":true}]}}