{"id":140918,"date":"2021-12-03T19:15:00","date_gmt":"2021-12-03T19:15:00","guid":{"rendered":"https:\/\/sonographycanada.ca\/?post_type=news&#038;p=140918"},"modified":"2021-12-03T14:19:25","modified_gmt":"2021-12-03T14:19:25","slug":"declaration-conjointe-sur-la-crise-de-sante-mentale-chez-les-professionnels-de-la-sante","status":"publish","type":"news","link":"https:\/\/sonographycanada.ca\/fr\/news\/declaration-conjointe-sur-la-crise-de-sante-mentale-chez-les-professionnels-de-la-sante","title":{"rendered":"D\u00e9claration conjointe sur la crise de sant\u00e9 mentale chez les professionnels de la sant\u00e9"},"content":{"rendered":"<p> \u00c9chographie Canada s\u2019est associ\u00e9e \u00e0 la Soci\u00e9t\u00e9 canadienne de science de laboratoire m\u00e9dical et \u00e0 l\u2019Association canadienne des technologues en radiation m\u00e9dicale pour mener l\u2019<em>Enqu\u00eate nationale 2021 sur la sant\u00e9 mentale<\/em> afin d&#8217;\u00e9valuer la sant\u00e9 mentale des travailleurs dans les domaines de l&#8217;imagerie m\u00e9dicale diagnostique et des sciences de laboratoire. <a href=\"https:\/\/sonographycanada.ca\/app\/uploads\/2021\/11\/2021-11-CAMRT-SC-CSMLS-D%C3%A9claration-conjointe.pdf\"><strong>Cliquez ici<\/strong><\/a> pour acc\u00e9der \u00e0 une copie de la d\u00e9claration conjointe qui a \u00e9t\u00e9 publi\u00e9e sur la crise de sant\u00e9 mentale chez les professionnels de la sant\u00e9.<\/p>","protected":false},"author":1307,"featured_media":140700,"template":"","class_list":["post-140918","news","type-news","status-publish","has-post-thumbnail","hentry"],"acf":[],"yoast_head":"<!-- This site is optimized with the Yoast SEO plugin v23.5 - https:\/\/yoast.com\/wordpress\/plugins\/seo\/ -->\n<title>D\u00e9claration conjointe sur la crise de sant\u00e9 mentale chez les professionnels de la sant\u00e9 - \u00c9chographie Canada<\/title>\n<meta name=\"robots\" content=\"index, follow, max-snippet:-1, max-image-preview:large, max-video-preview:-1\" \/>\n<link rel=\"canonical\" href=\"https:\/\/sonographycanada.ca\/fr\/news\/declaration-conjointe-sur-la-crise-de-sante-mentale-chez-les-professionnels-de-la-sante\" \/>\n<meta property=\"og:locale\" content=\"fr_FR\" \/>\n<meta property=\"og:type\" content=\"article\" \/>\n<meta property=\"og:title\" content=\"D\u00e9claration conjointe sur la crise de sant\u00e9 mentale chez les professionnels de la sant\u00e9 - \u00c9chographie Canada\" \/>\n<meta property=\"og:description\" content=\"\u00c9chographie Canada s\u2019est associ\u00e9e \u00e0 la Soci\u00e9t\u00e9 canadienne de science de laboratoire m\u00e9dical et \u00e0 l\u2019Association canadienne des technologues en radiation m\u00e9dicale pour mener l\u2019Enqu\u00eate nationale 2021 sur la sant\u00e9 mentale afin d&#8217;\u00e9valuer la sant\u00e9 mentale des travailleurs dans les domaines de l&#8217;imagerie m\u00e9dicale diagnostique et des sciences de laboratoire. Cliquez ici pour acc\u00e9der \u00e0 [&hellip;]\" \/>\n<meta property=\"og:url\" content=\"https:\/\/sonographycanada.ca\/fr\/news\/declaration-conjointe-sur-la-crise-de-sante-mentale-chez-les-professionnels-de-la-sante\" \/>\n<meta property=\"og:site_name\" content=\"\u00c9chographie Canada\" \/>\n<meta property=\"article:modified_time\" content=\"2021-12-03T14:19:25+00:00\" \/>\n<meta property=\"og:image\" content=\"https:\/\/sonographycanada.ca\/app\/uploads\/2021\/11\/Mental-Health-D\u00e9claration-conjointe-website.png\" \/>\n\t<meta property=\"og:image:width\" content=\"390\" \/>\n\t<meta property=\"og:image:height\" content=\"172\" \/>\n\t<meta property=\"og:image:type\" content=\"image\/png\" \/>\n<meta name=\"twitter:card\" content=\"summary_large_image\" \/>\n<script type=\"application\/ld+json\" class=\"yoast-schema-graph\">{\"@context\":\"https:\/\/schema.org\",\"@graph\":[{\"@type\":\"WebPage\",\"@id\":\"https:\/\/sonographycanada.ca\/fr\/news\/declaration-conjointe-sur-la-crise-de-sante-mentale-chez-les-professionnels-de-la-sante\",\"url\":\"https:\/\/sonographycanada.ca\/fr\/news\/declaration-conjointe-sur-la-crise-de-sante-mentale-chez-les-professionnels-de-la-sante\",\"name\":\"D\u00e9claration conjointe sur la crise de sant\u00e9 mentale chez les professionnels de la sant\u00e9 - \u00c9chographie Canada\",\"isPartOf\":{\"@id\":\"https:\/\/sonographycanada.ca\/#website\"},\"primaryImageOfPage\":{\"@id\":\"https:\/\/sonographycanada.ca\/fr\/news\/declaration-conjointe-sur-la-crise-de-sante-mentale-chez-les-professionnels-de-la-sante#primaryimage\"},\"image\":{\"@id\":\"https:\/\/sonographycanada.ca\/fr\/news\/declaration-conjointe-sur-la-crise-de-sante-mentale-chez-les-professionnels-de-la-sante#primaryimage\"},\"thumbnailUrl\":\"https:\/\/sonographycanada.ca\/app\/uploads\/2021\/11\/Mental-Health-D\u00e9claration-conjointe-website.png\",\"datePublished\":\"2021-12-03T19:15:00+00:00\",\"dateModified\":\"2021-12-03T14:19:25+00:00\",\"breadcrumb\":{\"@id\":\"https:\/\/sonographycanada.ca\/fr\/news\/declaration-conjointe-sur-la-crise-de-sante-mentale-chez-les-professionnels-de-la-sante#breadcrumb\"},\"inLanguage\":\"fr-FR\",\"potentialAction\":[{\"@type\":\"ReadAction\",\"target\":[\"https:\/\/sonographycanada.ca\/fr\/news\/declaration-conjointe-sur-la-crise-de-sante-mentale-chez-les-professionnels-de-la-sante\"]}]},{\"@type\":\"ImageObject\",\"inLanguage\":\"fr-FR\",\"@id\":\"https:\/\/sonographycanada.ca\/fr\/news\/declaration-conjointe-sur-la-crise-de-sante-mentale-chez-les-professionnels-de-la-sante#primaryimage\",\"url\":\"https:\/\/sonographycanada.ca\/app\/uploads\/2021\/11\/Mental-Health-D\u00e9claration-conjointe-website.png\",\"contentUrl\":\"https:\/\/sonographycanada.ca\/app\/uploads\/2021\/11\/Mental-Health-D\u00e9claration-conjointe-website.png\",\"width\":390,\"height\":172},{\"@type\":\"BreadcrumbList\",\"@id\":\"https:\/\/sonographycanada.ca\/fr\/news\/declaration-conjointe-sur-la-crise-de-sante-mentale-chez-les-professionnels-de-la-sante#breadcrumb\",\"itemListElement\":[{\"@type\":\"ListItem\",\"position\":1,\"name\":\"Accueil\",\"item\":\"https:\/\/sonographycanada.ca\/fr\"},{\"@type\":\"ListItem\",\"position\":2,\"name\":\"\u00c0 propos\",\"item\":\"https:\/\/sonographycanada.ca\/fr\/a-propos\"},{\"@type\":\"ListItem\",\"position\":3,\"name\":\"Derni\u00e8res nouvelles\",\"item\":\"https:\/\/sonographycanada.ca\/fr\/a-propos\/dernieres-nouvelles\"},{\"@type\":\"ListItem\",\"position\":4,\"name\":\"D\u00e9claration conjointe sur la crise de sant\u00e9 mentale chez les professionnels de la sant\u00e9\"}]},{\"@type\":\"WebSite\",\"@id\":\"https:\/\/sonographycanada.ca\/#website\",\"url\":\"https:\/\/sonographycanada.ca\/\",\"name\":\"\u00c9chographie Canada\",\"description\":\"La voix des \u00e9chographistes m\u00e9dicaux diagnostiques au Canada\",\"potentialAction\":[{\"@type\":\"SearchAction\",\"target\":{\"@type\":\"EntryPoint\",\"urlTemplate\":\"https:\/\/sonographycanada.ca\/?s={search_term_string}\"},\"query-input\":{\"@type\":\"PropertyValueSpecification\",\"valueRequired\":true,\"valueName\":\"search_term_string\"}}],\"inLanguage\":\"fr-FR\"}]}<\/script>\n<!-- \/ Yoast SEO plugin. -->","yoast_head_json":{"title":"D\u00e9claration conjointe sur la crise de sant\u00e9 mentale chez les professionnels de la sant\u00e9 - \u00c9chographie Canada","robots":{"index":"index","follow":"follow","max-snippet":"max-snippet:-1","max-image-preview":"max-image-preview:large","max-video-preview":"max-video-preview:-1"},"canonical":"https:\/\/sonographycanada.ca\/fr\/news\/declaration-conjointe-sur-la-crise-de-sante-mentale-chez-les-professionnels-de-la-sante","og_locale":"fr_FR","og_type":"article","og_title":"D\u00e9claration conjointe sur la crise de sant\u00e9 mentale chez les professionnels de la sant\u00e9 - \u00c9chographie Canada","og_description":"\u00c9chographie Canada s\u2019est associ\u00e9e \u00e0 la Soci\u00e9t\u00e9 canadienne de science de laboratoire m\u00e9dical et \u00e0 l\u2019Association canadienne des technologues en radiation m\u00e9dicale pour mener l\u2019Enqu\u00eate nationale 2021 sur la sant\u00e9 mentale afin d&#8217;\u00e9valuer la sant\u00e9 mentale des travailleurs dans les domaines de l&#8217;imagerie m\u00e9dicale diagnostique et des sciences de laboratoire. Cliquez ici pour acc\u00e9der \u00e0 [&hellip;]","og_url":"https:\/\/sonographycanada.ca\/fr\/news\/declaration-conjointe-sur-la-crise-de-sante-mentale-chez-les-professionnels-de-la-sante","og_site_name":"\u00c9chographie Canada","article_modified_time":"2021-12-03T14:19:25+00:00","og_image":[{"width":390,"height":172,"url":"https:\/\/sonographycanada.ca\/app\/uploads\/2021\/11\/Mental-Health-D\u00e9claration-conjointe-website.png","type":"image\/png"}],"twitter_card":"summary_large_image","schema":{"@context":"https:\/\/schema.org","@graph":[{"@type":"WebPage","@id":"https:\/\/sonographycanada.ca\/fr\/news\/declaration-conjointe-sur-la-crise-de-sante-mentale-chez-les-professionnels-de-la-sante","url":"https:\/\/sonographycanada.ca\/fr\/news\/declaration-conjointe-sur-la-crise-de-sante-mentale-chez-les-professionnels-de-la-sante","name":"D\u00e9claration conjointe sur la crise de sant\u00e9 mentale chez les professionnels de la sant\u00e9 - \u00c9chographie Canada","isPartOf":{"@id":"https:\/\/sonographycanada.ca\/#website"},"primaryImageOfPage":{"@id":"https:\/\/sonographycanada.ca\/fr\/news\/declaration-conjointe-sur-la-crise-de-sante-mentale-chez-les-professionnels-de-la-sante#primaryimage"},"image":{"@id":"https:\/\/sonographycanada.ca\/fr\/news\/declaration-conjointe-sur-la-crise-de-sante-mentale-chez-les-professionnels-de-la-sante#primaryimage"},"thumbnailUrl":"https:\/\/sonographycanada.ca\/app\/uploads\/2021\/11\/Mental-Health-D\u00e9claration-conjointe-website.png","datePublished":"2021-12-03T19:15:00+00:00","dateModified":"2021-12-03T14:19:25+00:00","breadcrumb":{"@id":"https:\/\/sonographycanada.ca\/fr\/news\/declaration-conjointe-sur-la-crise-de-sante-mentale-chez-les-professionnels-de-la-sante#breadcrumb"},"inLanguage":"fr-FR","potentialAction":[{"@type":"ReadAction","target":["https:\/\/sonographycanada.ca\/fr\/news\/declaration-conjointe-sur-la-crise-de-sante-mentale-chez-les-professionnels-de-la-sante"]}]},{"@type":"ImageObject","inLanguage":"fr-FR","@id":"https:\/\/sonographycanada.ca\/fr\/news\/declaration-conjointe-sur-la-crise-de-sante-mentale-chez-les-professionnels-de-la-sante#primaryimage","url":"https:\/\/sonographycanada.ca\/app\/uploads\/2021\/11\/Mental-Health-D\u00e9claration-conjointe-website.png","contentUrl":"https:\/\/sonographycanada.ca\/app\/uploads\/2021\/11\/Mental-Health-D\u00e9claration-conjointe-website.png","width":390,"height":172},{"@type":"BreadcrumbList","@id":"https:\/\/sonographycanada.ca\/fr\/news\/declaration-conjointe-sur-la-crise-de-sante-mentale-chez-les-professionnels-de-la-sante#breadcrumb","itemListElement":[{"@type":"ListItem","position":1,"name":"Accueil","item":"https:\/\/sonographycanada.ca\/fr"},{"@type":"ListItem","position":2,"name":"\u00c0 propos","item":"https:\/\/sonographycanada.ca\/fr\/a-propos"},{"@type":"ListItem","position":3,"name":"Derni\u00e8res nouvelles","item":"https:\/\/sonographycanada.ca\/fr\/a-propos\/dernieres-nouvelles"},{"@type":"ListItem","position":4,"name":"D\u00e9claration conjointe sur la crise de sant\u00e9 mentale chez les professionnels de la sant\u00e9"}]},{"@type":"WebSite","@id":"https:\/\/sonographycanada.ca\/#website","url":"https:\/\/sonographycanada.ca\/","name":"\u00c9chographie Canada","description":"La voix des \u00e9chographistes m\u00e9dicaux diagnostiques au Canada","potentialAction":[{"@type":"SearchAction","target":{"@type":"EntryPoint","urlTemplate":"https:\/\/sonographycanada.ca\/?s={search_term_string}"},"query-input":{"@type":"PropertyValueSpecification","valueRequired":true,"valueName":"search_term_string"}}],"inLanguage":"fr-FR"}]}},"featured_img":"https:\/\/sonographycanada.ca\/app\/uploads\/2021\/11\/Mental-Health-D\u00e9claration-conjointe-website.png","coauthors":[],"author_meta":{"author_link":"https:\/\/sonographycanada.ca\/fr\/author\/d3ec179a-ede2-4f9f-a4d2-8551ac33d43f","display_name":"Natalie Wright"},"relative_dates":{"created":"Publi\u00e9 4 years il y a","modified":"Mis \u00e0 jour 4 years il y a"},"absolute_dates":{"created":"Publi\u00e9 le d\u00e9cembre 3, 2021","modified":"Mise \u00e0 jour le d\u00e9cembre 3, 2021"},"absolute_dates_time":{"created":"Publi\u00e9 le d\u00e9cembre 3, 2021 7:15 pm","modified":"Mise \u00e0 jour le d\u00e9cembre 3, 2021 2:19 pm"},"featured_img_caption":"","tax_additional":[],"series_order":"","_links":{"self":[{"href":"https:\/\/sonographycanada.ca\/fr\/wp-json\/wp\/v2\/news\/140918"}],"collection":[{"href":"https:\/\/sonographycanada.ca\/fr\/wp-json\/wp\/v2\/news"}],"about":[{"href":"https:\/\/sonographycanada.ca\/fr\/wp-json\/wp\/v2\/types\/news"}],"wp:featuredmedia":[{"embeddable":true,"href":"https:\/\/sonographycanada.ca\/fr\/wp-json\/wp\/v2\/media\/140700"}],"wp:attachment":[{"href":"https:\/\/sonographycanada.ca\/fr\/wp-json\/wp\/v2\/media?parent=140918"}],"curies":[{"name":"wp","href":"https:\/\/api.w.org\/{rel}","templated":true}]}}