{"id":184583,"date":"2023-04-25T15:47:12","date_gmt":"2023-04-25T19:47:12","guid":{"rendered":"https:\/\/sonographycanada.ca\/?post_type=news&#038;p=184583"},"modified":"2023-04-25T15:47:13","modified_gmt":"2023-04-25T19:47:13","slug":"du-bureau-de-la-directrice-executive","status":"publish","type":"news","link":"https:\/\/sonographycanada.ca\/fr\/news\/du-bureau-de-la-directrice-executive","title":{"rendered":"Du bureau de la directrice ex\u00e9cutive"},"content":{"rendered":"<p>Le printemps est dans l&#8217;air et nous esp\u00e9rons que vous profitez du temps chaud que nous avons connu ces derniers temps.&nbsp;<\/p><p>La mise \u00e0 jour du deuxi\u00e8me trimestre que nous adressons \u00e0 notre communaut\u00e9 par l&#8217;interm\u00e9diaire du SONOgramme pr\u00e9sente les principales \u00e9tapes que nous avons franchies et les projets sur lesquels nous travaillons. Nous esp\u00e9rons que vous appr\u00e9cierez cette lecture!<\/p><p>Nous avons \u00e9t\u00e9 extr\u00eamement occup\u00e9s ces derniers mois, notamment en d\u00e9fendant les int\u00e9r\u00eats de nos membres de diverses fa\u00e7ons.&nbsp;&nbsp; Nous sommes heureux de vous faire part que :<\/p><ul class=\"wp-block-list\"><li>Nous avons achemin\u00e9 une <a href=\"https:\/\/sonographycanada.ca\/app\/uploads\/2023\/01\/Sonography-Canada-Duclos-CHT-Letter-01252023.pdf\">lettre d&#8217;appui<\/a> au ministre de la Sant\u00e9, l&#8217;honorable Jean-Yves Duclos, \u00e0 la fin du mois de janvier 2023, au sujet des garanties du Transfert canadien en mati\u00e8re de sant\u00e9 aux provinces.<\/li><li>Nous avons pr\u00e9sent\u00e9 un m\u00e9moire pr\u00e9budg\u00e9taire au gouvernement f\u00e9d\u00e9ral.<\/li><li>Nous avons rencontr\u00e9 les d\u00e9put\u00e9s qui si\u00e8gent au Comit\u00e9 permanent de la sant\u00e9, ainsi que les principaux membres de l&#8217;\u00e9quipe du minist\u00e8re des Coll\u00e8ges et Universit\u00e9s de l&#8217;Ontario.&nbsp; Ces r\u00e9unions se poursuivent tout au long du deuxi\u00e8me trimestre.<\/li><li>\u00c0 la fin mars 2023, nous avons partag\u00e9 le r\u00e9sum\u00e9 du budget f\u00e9d\u00e9ral avec les membres et nous avons \u00e9t\u00e9 heureux de constater que 505 millions de dollars seront vers\u00e9s \u00e0 l&#8217;ICIS et \u00e0 d&#8217;autres partenaires du secteur de la sant\u00e9 pour l&#8217;am\u00e9lioration des donn\u00e9es, ce qui pourrait profiter directement aux \u00e9chographistes si nous prenons les mesures de suivi appropri\u00e9es.&nbsp; Vous pouvez <a href=\"https:\/\/sonographycanada.ca\/members-only-advocacy-info-resources\">en apprendre davantage ici<\/a> si vous avez manqu\u00e9 le message [connexion membre requise].<\/li><\/ul><p>L&#8217;engagement que nous avons connu au cours des premiers mois de 2023 a d\u00e9montr\u00e9 qu&#8217;il y a un d\u00e9sir et un besoin croissants pour les repr\u00e9sentants gouvernementaux d&#8217;entendre parler du r\u00f4le que jouent les \u00e9chographistes au sein de l&#8217;\u00e9quipe de soins de sant\u00e9.&nbsp; Ce travail est li\u00e9 \u00e0 la premi\u00e8re priorit\u00e9 de notre Plan strat\u00e9gique (Travailler pour influencer le syst\u00e8me de sant\u00e9 au nom des \u00e9chographistes) et nous sommes encourag\u00e9s par le fait qu&#8217;\u00c9chographie Canada et ses membres se font entendre et nous nous attendons \u00e0 ce que l&#8217;engagement s&#8217;intensifie au cours des prochains mois.<\/p><p>Maintenant que les restrictions de la pand\u00e9mie de la COVID ont \u00e9t\u00e9 assouplies, nous interagissons de nouveau en personne avec d&#8217;autres organismes de soins de sant\u00e9. En avril, Victor Lee et Laura Prince, membres du conseil d&#8217;administration, et moi-m\u00eame avons particip\u00e9 \u00e0 la fin de semaine d&#8217;\u00e9chocardiographie de la Soci\u00e9t\u00e9 canadienne d&#8217;\u00e9chocardiographie, ce qui nous a permis d&#8217;\u00e9tablir d&#8217;excellentes relations professionnelles. \u00c0 la fin avril, nous serons pr\u00e9sents \u00e0 la conf\u00e9rence annuelle de l&#8217;Association canadienne des radiologistes et en mai, nous nous rendrons \u00e0 l&#8217;atelier annuel de l&#8217;Association canadienne des programmes param\u00e9dicaux pour les programmes \u00e9ducatifs et les organisations comme la n\u00f4tre. Il est incroyable de constater ce que le contact personnel peut accomplir.&nbsp;<\/p><p>Au cours des derniers mois, nous nous sommes \u00e9galement pench\u00e9s sur notre troisi\u00e8me priorit\u00e9 strat\u00e9gique (aider les membres \u00e0 s&#8217;\u00e9panouir \u00e0 tous les stades de leur pratique professionnelle).&nbsp;<\/p><p>Bien que les plans strat\u00e9giques comportent des objectifs plus larges et des t\u00e2ches plus pr\u00e9cises \u00e0 accomplir tout au long du plan, nous sommes heureux d&#8217;annoncer que des conversations ont lieu avec d&#8217;autres organisations qui poursuivent des objectifs semblables afin de d\u00e9finir comment nous pouvons nous associer pour continuer \u00e0 offrir les possibilit\u00e9s exceptionnelles de DPC auxquelles vous vous attendez de la part d&#8217;\u00c9chographie Canada.<\/p><p>De plus, nous allons mettre en place un forum mensuel permanent pour les membres actifs. Pour les nouveaux membres de notre association, ou pour ceux qui souhaitent se rafra\u00eechir la m\u00e9moire sur les avantages de l&#8217;adh\u00e9sion, vous pouvez surveiller les moments o\u00f9 vous pourrez vous joindre en ligne \u00e0 notre \u00e9quipe charg\u00e9e des adh\u00e9sions et de la formation afin de vous renseigner sur les nombreux avantages que vous offre votre association nationale!<\/p><p>Au plaisir de continuer \u00e0 vous servir.<\/p><p>Susan<\/p>","protected":false},"author":6481,"featured_media":164783,"template":"","class_list":["post-184583","news","type-news","status-publish","has-post-thumbnail","hentry"],"acf":[],"yoast_head":"<!-- This site is optimized with the Yoast SEO plugin v23.5 - https:\/\/yoast.com\/wordpress\/plugins\/seo\/ -->\n<title>Du bureau de la directrice ex\u00e9cutive - \u00c9chographie Canada<\/title>\n<meta name=\"robots\" content=\"index, follow, max-snippet:-1, max-image-preview:large, max-video-preview:-1\" \/>\n<link rel=\"canonical\" href=\"https:\/\/sonographycanada.ca\/fr\/news\/du-bureau-de-la-directrice-executive\" \/>\n<meta property=\"og:locale\" content=\"fr_FR\" \/>\n<meta property=\"og:type\" content=\"article\" \/>\n<meta property=\"og:title\" content=\"Du bureau de la directrice ex\u00e9cutive - \u00c9chographie Canada\" \/>\n<meta property=\"og:description\" content=\"Le printemps est dans l&#8217;air et nous esp\u00e9rons que vous profitez du temps chaud que nous avons connu ces derniers temps.&nbsp; La mise \u00e0 jour du deuxi\u00e8me trimestre que nous adressons \u00e0 notre communaut\u00e9 par l&#8217;interm\u00e9diaire du SONOgramme pr\u00e9sente les principales \u00e9tapes que nous avons franchies et les projets sur lesquels nous travaillons. Nous esp\u00e9rons [&hellip;]\" \/>\n<meta property=\"og:url\" content=\"https:\/\/sonographycanada.ca\/fr\/news\/du-bureau-de-la-directrice-executive\" \/>\n<meta property=\"og:site_name\" content=\"\u00c9chographie Canada\" \/>\n<meta property=\"article:modified_time\" content=\"2023-04-25T19:47:13+00:00\" \/>\n<meta property=\"og:image\" content=\"https:\/\/sonographycanada.ca\/app\/uploads\/2023\/01\/Freelancing-Promotion-Facebook-Cover-Photo-5.png\" \/>\n\t<meta property=\"og:image:width\" content=\"1640\" \/>\n\t<meta property=\"og:image:height\" content=\"924\" \/>\n\t<meta property=\"og:image:type\" content=\"image\/png\" \/>\n<meta name=\"twitter:card\" content=\"summary_large_image\" \/>\n<meta name=\"twitter:label1\" content=\"Est. reading time\" \/>\n\t<meta name=\"twitter:data1\" content=\"3 minutes\" \/>\n<script type=\"application\/ld+json\" class=\"yoast-schema-graph\">{\"@context\":\"https:\/\/schema.org\",\"@graph\":[{\"@type\":\"WebPage\",\"@id\":\"https:\/\/sonographycanada.ca\/fr\/news\/du-bureau-de-la-directrice-executive\",\"url\":\"https:\/\/sonographycanada.ca\/fr\/news\/du-bureau-de-la-directrice-executive\",\"name\":\"Du bureau de la directrice ex\u00e9cutive - \u00c9chographie Canada\",\"isPartOf\":{\"@id\":\"https:\/\/sonographycanada.ca\/#website\"},\"primaryImageOfPage\":{\"@id\":\"https:\/\/sonographycanada.ca\/fr\/news\/du-bureau-de-la-directrice-executive#primaryimage\"},\"image\":{\"@id\":\"https:\/\/sonographycanada.ca\/fr\/news\/du-bureau-de-la-directrice-executive#primaryimage\"},\"thumbnailUrl\":\"https:\/\/sonographycanada.ca\/app\/uploads\/2023\/01\/Freelancing-Promotion-Facebook-Cover-Photo-5.png\",\"datePublished\":\"2023-04-25T19:47:12+00:00\",\"dateModified\":\"2023-04-25T19:47:13+00:00\",\"breadcrumb\":{\"@id\":\"https:\/\/sonographycanada.ca\/fr\/news\/du-bureau-de-la-directrice-executive#breadcrumb\"},\"inLanguage\":\"fr-FR\",\"potentialAction\":[{\"@type\":\"ReadAction\",\"target\":[\"https:\/\/sonographycanada.ca\/fr\/news\/du-bureau-de-la-directrice-executive\"]}]},{\"@type\":\"ImageObject\",\"inLanguage\":\"fr-FR\",\"@id\":\"https:\/\/sonographycanada.ca\/fr\/news\/du-bureau-de-la-directrice-executive#primaryimage\",\"url\":\"https:\/\/sonographycanada.ca\/app\/uploads\/2023\/01\/Freelancing-Promotion-Facebook-Cover-Photo-5.png\",\"contentUrl\":\"https:\/\/sonographycanada.ca\/app\/uploads\/2023\/01\/Freelancing-Promotion-Facebook-Cover-Photo-5.png\",\"width\":1640,\"height\":924},{\"@type\":\"BreadcrumbList\",\"@id\":\"https:\/\/sonographycanada.ca\/fr\/news\/du-bureau-de-la-directrice-executive#breadcrumb\",\"itemListElement\":[{\"@type\":\"ListItem\",\"position\":1,\"name\":\"Accueil\",\"item\":\"https:\/\/sonographycanada.ca\/fr\"},{\"@type\":\"ListItem\",\"position\":2,\"name\":\"\u00c0 propos\",\"item\":\"https:\/\/sonographycanada.ca\/fr\/a-propos\"},{\"@type\":\"ListItem\",\"position\":3,\"name\":\"Derni\u00e8res nouvelles\",\"item\":\"https:\/\/sonographycanada.ca\/fr\/a-propos\/dernieres-nouvelles\"},{\"@type\":\"ListItem\",\"position\":4,\"name\":\"Du bureau de la directrice ex\u00e9cutive\"}]},{\"@type\":\"WebSite\",\"@id\":\"https:\/\/sonographycanada.ca\/#website\",\"url\":\"https:\/\/sonographycanada.ca\/\",\"name\":\"\u00c9chographie Canada\",\"description\":\"La voix des \u00e9chographistes m\u00e9dicaux diagnostiques au Canada\",\"potentialAction\":[{\"@type\":\"SearchAction\",\"target\":{\"@type\":\"EntryPoint\",\"urlTemplate\":\"https:\/\/sonographycanada.ca\/?s={search_term_string}\"},\"query-input\":{\"@type\":\"PropertyValueSpecification\",\"valueRequired\":true,\"valueName\":\"search_term_string\"}}],\"inLanguage\":\"fr-FR\"}]}<\/script>\n<!-- \/ Yoast SEO plugin. -->","yoast_head_json":{"title":"Du bureau de la directrice ex\u00e9cutive - \u00c9chographie Canada","robots":{"index":"index","follow":"follow","max-snippet":"max-snippet:-1","max-image-preview":"max-image-preview:large","max-video-preview":"max-video-preview:-1"},"canonical":"https:\/\/sonographycanada.ca\/fr\/news\/du-bureau-de-la-directrice-executive","og_locale":"fr_FR","og_type":"article","og_title":"Du bureau de la directrice ex\u00e9cutive - \u00c9chographie Canada","og_description":"Le printemps est dans l&#8217;air et nous esp\u00e9rons que vous profitez du temps chaud que nous avons connu ces derniers temps.&nbsp; La mise \u00e0 jour du deuxi\u00e8me trimestre que nous adressons \u00e0 notre communaut\u00e9 par l&#8217;interm\u00e9diaire du SONOgramme pr\u00e9sente les principales \u00e9tapes que nous avons franchies et les projets sur lesquels nous travaillons. Nous esp\u00e9rons [&hellip;]","og_url":"https:\/\/sonographycanada.ca\/fr\/news\/du-bureau-de-la-directrice-executive","og_site_name":"\u00c9chographie Canada","article_modified_time":"2023-04-25T19:47:13+00:00","og_image":[{"width":1640,"height":924,"url":"https:\/\/sonographycanada.ca\/app\/uploads\/2023\/01\/Freelancing-Promotion-Facebook-Cover-Photo-5.png","type":"image\/png"}],"twitter_card":"summary_large_image","twitter_misc":{"Est. reading time":"3 minutes"},"schema":{"@context":"https:\/\/schema.org","@graph":[{"@type":"WebPage","@id":"https:\/\/sonographycanada.ca\/fr\/news\/du-bureau-de-la-directrice-executive","url":"https:\/\/sonographycanada.ca\/fr\/news\/du-bureau-de-la-directrice-executive","name":"Du bureau de la directrice ex\u00e9cutive - \u00c9chographie Canada","isPartOf":{"@id":"https:\/\/sonographycanada.ca\/#website"},"primaryImageOfPage":{"@id":"https:\/\/sonographycanada.ca\/fr\/news\/du-bureau-de-la-directrice-executive#primaryimage"},"image":{"@id":"https:\/\/sonographycanada.ca\/fr\/news\/du-bureau-de-la-directrice-executive#primaryimage"},"thumbnailUrl":"https:\/\/sonographycanada.ca\/app\/uploads\/2023\/01\/Freelancing-Promotion-Facebook-Cover-Photo-5.png","datePublished":"2023-04-25T19:47:12+00:00","dateModified":"2023-04-25T19:47:13+00:00","breadcrumb":{"@id":"https:\/\/sonographycanada.ca\/fr\/news\/du-bureau-de-la-directrice-executive#breadcrumb"},"inLanguage":"fr-FR","potentialAction":[{"@type":"ReadAction","target":["https:\/\/sonographycanada.ca\/fr\/news\/du-bureau-de-la-directrice-executive"]}]},{"@type":"ImageObject","inLanguage":"fr-FR","@id":"https:\/\/sonographycanada.ca\/fr\/news\/du-bureau-de-la-directrice-executive#primaryimage","url":"https:\/\/sonographycanada.ca\/app\/uploads\/2023\/01\/Freelancing-Promotion-Facebook-Cover-Photo-5.png","contentUrl":"https:\/\/sonographycanada.ca\/app\/uploads\/2023\/01\/Freelancing-Promotion-Facebook-Cover-Photo-5.png","width":1640,"height":924},{"@type":"BreadcrumbList","@id":"https:\/\/sonographycanada.ca\/fr\/news\/du-bureau-de-la-directrice-executive#breadcrumb","itemListElement":[{"@type":"ListItem","position":1,"name":"Accueil","item":"https:\/\/sonographycanada.ca\/fr"},{"@type":"ListItem","position":2,"name":"\u00c0 propos","item":"https:\/\/sonographycanada.ca\/fr\/a-propos"},{"@type":"ListItem","position":3,"name":"Derni\u00e8res nouvelles","item":"https:\/\/sonographycanada.ca\/fr\/a-propos\/dernieres-nouvelles"},{"@type":"ListItem","position":4,"name":"Du bureau de la directrice ex\u00e9cutive"}]},{"@type":"WebSite","@id":"https:\/\/sonographycanada.ca\/#website","url":"https:\/\/sonographycanada.ca\/","name":"\u00c9chographie Canada","description":"La voix des \u00e9chographistes m\u00e9dicaux diagnostiques au Canada","potentialAction":[{"@type":"SearchAction","target":{"@type":"EntryPoint","urlTemplate":"https:\/\/sonographycanada.ca\/?s={search_term_string}"},"query-input":{"@type":"PropertyValueSpecification","valueRequired":true,"valueName":"search_term_string"}}],"inLanguage":"fr-FR"}]}},"featured_img":"https:\/\/sonographycanada.ca\/app\/uploads\/2023\/01\/Freelancing-Promotion-Facebook-Cover-Photo-5-355x200.png","coauthors":[],"author_meta":{"author_link":"https:\/\/sonographycanada.ca\/fr\/author\/0d5ec802-232c-412c-a161-de4a16f6855a","display_name":"Meagan Rockett"},"relative_dates":{"created":"Publi\u00e9 3 years il y a","modified":"Mis \u00e0 jour 3 years il y a"},"absolute_dates":{"created":"Publi\u00e9 le avril 25, 2023","modified":"Mise \u00e0 jour le avril 25, 2023"},"absolute_dates_time":{"created":"Publi\u00e9 le avril 25, 2023 3:47 pm","modified":"Mise \u00e0 jour le avril 25, 2023 3:47 pm"},"featured_img_caption":"","tax_additional":[],"series_order":"","_links":{"self":[{"href":"https:\/\/sonographycanada.ca\/fr\/wp-json\/wp\/v2\/news\/184583"}],"collection":[{"href":"https:\/\/sonographycanada.ca\/fr\/wp-json\/wp\/v2\/news"}],"about":[{"href":"https:\/\/sonographycanada.ca\/fr\/wp-json\/wp\/v2\/types\/news"}],"wp:featuredmedia":[{"embeddable":true,"href":"https:\/\/sonographycanada.ca\/fr\/wp-json\/wp\/v2\/media\/164783"}],"wp:attachment":[{"href":"https:\/\/sonographycanada.ca\/fr\/wp-json\/wp\/v2\/media?parent=184583"}],"curies":[{"name":"wp","href":"https:\/\/api.w.org\/{rel}","templated":true}]}}