{"id":184601,"date":"2023-04-25T16:00:39","date_gmt":"2023-04-25T20:00:39","guid":{"rendered":"https:\/\/sonographycanada.ca\/?post_type=news&#038;p=184601"},"modified":"2023-04-25T16:00:40","modified_gmt":"2023-04-25T20:00:40","slug":"mise-a-jour-sur-les-adhesions","status":"publish","type":"news","link":"https:\/\/sonographycanada.ca\/fr\/news\/mise-a-jour-sur-les-adhesions","title":{"rendered":"Mise \u00e0 jour sur les adh\u00e9sions"},"content":{"rendered":"<p>Merci \u00e0 tous ceux qui ont d\u00e9j\u00e0 renouvel\u00e9 leur adh\u00e9sion! Nous en sommes \u00e0 notre dernier jour de renouvellement avant la date limite, et il est encore temps de compl\u00e9ter le processus. Non seulement vous \u00e9conomiserez sur les frais de retard si vous renouvelez avant le 1<sup>er<\/sup> mai 2023, mais vous serez \u00e9galement inscrit au tirage au sort pour gagner notre grand prix &#8211; un laissez-passer gratuit pour notre conf\u00e9rence en personne, SonoCon 2023 \u00e0 Halifax! Le 1<sup>er<\/sup> mai, nous effectuerons le tirage en ligne. Surveillez le groupe de membres Facebook pour conna\u00eetre le r\u00e9sultat!<\/p><p>J&#8217;aimerais \u00e9galement souligner un article qui nous a \u00e9t\u00e9 soumis par notre fournisseur d&#8217;assurance, BMS Group. Intitul\u00e9 \u00e0 juste titre \u00ab\u00a0<em>Votre employeur vous couvre-t-il?<\/em>\u00a0\u00bb, cet article explique la couverture g\u00e9n\u00e9rale d&#8217;une police d&#8217;un employeur et comment le fait d&#8217;avoir sa propre police (en particulier, celle offerte par BMS Group aux membres d&#8217;\u00c9chographie Canada) vous offre une protection suppl\u00e9mentaire. Nous avons des versions en <a href=\"https:\/\/sonographycanada.ca\/app\/uploads\/2023\/04\/SC_Employer_Coverage_Article_March2023_EN.pdf\" target=\"_blank\" rel=\"noreferrer noopener\">anglais<\/a> et en <a href=\"https:\/\/sonographycanada.ca\/app\/uploads\/2023\/04\/SC_Employer_Coverage_Article_March2023_FR.pdf\" target=\"_blank\" rel=\"noreferrer noopener\">fran\u00e7ais<\/a> que vous pouvez consulter. Enfin, nous tenons \u00e0 vous informer que nous lancerons des webinaires r\u00e9guliers d&#8217;orientation des membres (tel que mentionn\u00e9 par Susan) d\u00e8s ce printemps. Surveillez les m\u00e9dias sociaux pour plus d&#8217;informations et inscrivez-vous \u00e0 l&#8217;un de ces webinaires qui convient \u00e0 votre horaire!<\/p>","protected":false},"author":6481,"featured_media":164777,"template":"","class_list":["post-184601","news","type-news","status-publish","has-post-thumbnail","hentry"],"acf":[],"yoast_head":"<!-- This site is optimized with the Yoast SEO plugin v23.5 - https:\/\/yoast.com\/wordpress\/plugins\/seo\/ -->\n<title>Mise \u00e0 jour sur les adh\u00e9sions - \u00c9chographie Canada<\/title>\n<meta name=\"robots\" content=\"index, follow, max-snippet:-1, max-image-preview:large, max-video-preview:-1\" \/>\n<link rel=\"canonical\" href=\"https:\/\/sonographycanada.ca\/fr\/news\/mise-a-jour-sur-les-adhesions\" \/>\n<meta property=\"og:locale\" content=\"fr_FR\" \/>\n<meta property=\"og:type\" content=\"article\" \/>\n<meta property=\"og:title\" content=\"Mise \u00e0 jour sur les adh\u00e9sions - \u00c9chographie Canada\" \/>\n<meta property=\"og:description\" content=\"Merci \u00e0 tous ceux qui ont d\u00e9j\u00e0 renouvel\u00e9 leur adh\u00e9sion! Nous en sommes \u00e0 notre dernier jour de renouvellement avant la date limite, et il est encore temps de compl\u00e9ter le processus. Non seulement vous \u00e9conomiserez sur les frais de retard si vous renouvelez avant le 1er mai 2023, mais vous serez \u00e9galement inscrit au [&hellip;]\" \/>\n<meta property=\"og:url\" content=\"https:\/\/sonographycanada.ca\/fr\/news\/mise-a-jour-sur-les-adhesions\" \/>\n<meta property=\"og:site_name\" content=\"\u00c9chographie Canada\" \/>\n<meta property=\"article:modified_time\" content=\"2023-04-25T20:00:40+00:00\" \/>\n<meta property=\"og:image\" content=\"https:\/\/sonographycanada.ca\/app\/uploads\/2023\/01\/Freelancing-Promotion-Facebook-Cover-Photo-8-1024x577.png\" \/>\n\t<meta property=\"og:image:width\" content=\"1024\" \/>\n\t<meta property=\"og:image:height\" content=\"577\" \/>\n\t<meta property=\"og:image:type\" content=\"image\/png\" \/>\n<meta name=\"twitter:card\" content=\"summary_large_image\" \/>\n<meta name=\"twitter:label1\" content=\"Est. reading time\" \/>\n\t<meta name=\"twitter:data1\" content=\"1 minute\" \/>\n<script type=\"application\/ld+json\" class=\"yoast-schema-graph\">{\"@context\":\"https:\/\/schema.org\",\"@graph\":[{\"@type\":\"WebPage\",\"@id\":\"https:\/\/sonographycanada.ca\/fr\/news\/mise-a-jour-sur-les-adhesions\",\"url\":\"https:\/\/sonographycanada.ca\/fr\/news\/mise-a-jour-sur-les-adhesions\",\"name\":\"Mise \u00e0 jour sur les adh\u00e9sions - \u00c9chographie Canada\",\"isPartOf\":{\"@id\":\"https:\/\/sonographycanada.ca\/#website\"},\"primaryImageOfPage\":{\"@id\":\"https:\/\/sonographycanada.ca\/fr\/news\/mise-a-jour-sur-les-adhesions#primaryimage\"},\"image\":{\"@id\":\"https:\/\/sonographycanada.ca\/fr\/news\/mise-a-jour-sur-les-adhesions#primaryimage\"},\"thumbnailUrl\":\"https:\/\/sonographycanada.ca\/app\/uploads\/2023\/01\/Freelancing-Promotion-Facebook-Cover-Photo-8.png\",\"datePublished\":\"2023-04-25T20:00:39+00:00\",\"dateModified\":\"2023-04-25T20:00:40+00:00\",\"breadcrumb\":{\"@id\":\"https:\/\/sonographycanada.ca\/fr\/news\/mise-a-jour-sur-les-adhesions#breadcrumb\"},\"inLanguage\":\"fr-FR\",\"potentialAction\":[{\"@type\":\"ReadAction\",\"target\":[\"https:\/\/sonographycanada.ca\/fr\/news\/mise-a-jour-sur-les-adhesions\"]}]},{\"@type\":\"ImageObject\",\"inLanguage\":\"fr-FR\",\"@id\":\"https:\/\/sonographycanada.ca\/fr\/news\/mise-a-jour-sur-les-adhesions#primaryimage\",\"url\":\"https:\/\/sonographycanada.ca\/app\/uploads\/2023\/01\/Freelancing-Promotion-Facebook-Cover-Photo-8.png\",\"contentUrl\":\"https:\/\/sonographycanada.ca\/app\/uploads\/2023\/01\/Freelancing-Promotion-Facebook-Cover-Photo-8.png\",\"width\":1640,\"height\":924},{\"@type\":\"BreadcrumbList\",\"@id\":\"https:\/\/sonographycanada.ca\/fr\/news\/mise-a-jour-sur-les-adhesions#breadcrumb\",\"itemListElement\":[{\"@type\":\"ListItem\",\"position\":1,\"name\":\"Accueil\",\"item\":\"https:\/\/sonographycanada.ca\/fr\"},{\"@type\":\"ListItem\",\"position\":2,\"name\":\"\u00c0 propos\",\"item\":\"https:\/\/sonographycanada.ca\/fr\/a-propos\"},{\"@type\":\"ListItem\",\"position\":3,\"name\":\"Derni\u00e8res nouvelles\",\"item\":\"https:\/\/sonographycanada.ca\/fr\/a-propos\/dernieres-nouvelles\"},{\"@type\":\"ListItem\",\"position\":4,\"name\":\"Mise \u00e0 jour sur les adh\u00e9sions\"}]},{\"@type\":\"WebSite\",\"@id\":\"https:\/\/sonographycanada.ca\/#website\",\"url\":\"https:\/\/sonographycanada.ca\/\",\"name\":\"\u00c9chographie Canada\",\"description\":\"La voix des \u00e9chographistes m\u00e9dicaux diagnostiques au Canada\",\"potentialAction\":[{\"@type\":\"SearchAction\",\"target\":{\"@type\":\"EntryPoint\",\"urlTemplate\":\"https:\/\/sonographycanada.ca\/?s={search_term_string}\"},\"query-input\":{\"@type\":\"PropertyValueSpecification\",\"valueRequired\":true,\"valueName\":\"search_term_string\"}}],\"inLanguage\":\"fr-FR\"}]}<\/script>\n<!-- \/ Yoast SEO plugin. -->","yoast_head_json":{"title":"Mise \u00e0 jour sur les adh\u00e9sions - \u00c9chographie Canada","robots":{"index":"index","follow":"follow","max-snippet":"max-snippet:-1","max-image-preview":"max-image-preview:large","max-video-preview":"max-video-preview:-1"},"canonical":"https:\/\/sonographycanada.ca\/fr\/news\/mise-a-jour-sur-les-adhesions","og_locale":"fr_FR","og_type":"article","og_title":"Mise \u00e0 jour sur les adh\u00e9sions - \u00c9chographie Canada","og_description":"Merci \u00e0 tous ceux qui ont d\u00e9j\u00e0 renouvel\u00e9 leur adh\u00e9sion! Nous en sommes \u00e0 notre dernier jour de renouvellement avant la date limite, et il est encore temps de compl\u00e9ter le processus. Non seulement vous \u00e9conomiserez sur les frais de retard si vous renouvelez avant le 1er mai 2023, mais vous serez \u00e9galement inscrit au [&hellip;]","og_url":"https:\/\/sonographycanada.ca\/fr\/news\/mise-a-jour-sur-les-adhesions","og_site_name":"\u00c9chographie Canada","article_modified_time":"2023-04-25T20:00:40+00:00","og_image":[{"width":1024,"height":577,"url":"https:\/\/sonographycanada.ca\/app\/uploads\/2023\/01\/Freelancing-Promotion-Facebook-Cover-Photo-8-1024x577.png","type":"image\/png"}],"twitter_card":"summary_large_image","twitter_misc":{"Est. reading time":"1 minute"},"schema":{"@context":"https:\/\/schema.org","@graph":[{"@type":"WebPage","@id":"https:\/\/sonographycanada.ca\/fr\/news\/mise-a-jour-sur-les-adhesions","url":"https:\/\/sonographycanada.ca\/fr\/news\/mise-a-jour-sur-les-adhesions","name":"Mise \u00e0 jour sur les adh\u00e9sions - \u00c9chographie Canada","isPartOf":{"@id":"https:\/\/sonographycanada.ca\/#website"},"primaryImageOfPage":{"@id":"https:\/\/sonographycanada.ca\/fr\/news\/mise-a-jour-sur-les-adhesions#primaryimage"},"image":{"@id":"https:\/\/sonographycanada.ca\/fr\/news\/mise-a-jour-sur-les-adhesions#primaryimage"},"thumbnailUrl":"https:\/\/sonographycanada.ca\/app\/uploads\/2023\/01\/Freelancing-Promotion-Facebook-Cover-Photo-8.png","datePublished":"2023-04-25T20:00:39+00:00","dateModified":"2023-04-25T20:00:40+00:00","breadcrumb":{"@id":"https:\/\/sonographycanada.ca\/fr\/news\/mise-a-jour-sur-les-adhesions#breadcrumb"},"inLanguage":"fr-FR","potentialAction":[{"@type":"ReadAction","target":["https:\/\/sonographycanada.ca\/fr\/news\/mise-a-jour-sur-les-adhesions"]}]},{"@type":"ImageObject","inLanguage":"fr-FR","@id":"https:\/\/sonographycanada.ca\/fr\/news\/mise-a-jour-sur-les-adhesions#primaryimage","url":"https:\/\/sonographycanada.ca\/app\/uploads\/2023\/01\/Freelancing-Promotion-Facebook-Cover-Photo-8.png","contentUrl":"https:\/\/sonographycanada.ca\/app\/uploads\/2023\/01\/Freelancing-Promotion-Facebook-Cover-Photo-8.png","width":1640,"height":924},{"@type":"BreadcrumbList","@id":"https:\/\/sonographycanada.ca\/fr\/news\/mise-a-jour-sur-les-adhesions#breadcrumb","itemListElement":[{"@type":"ListItem","position":1,"name":"Accueil","item":"https:\/\/sonographycanada.ca\/fr"},{"@type":"ListItem","position":2,"name":"\u00c0 propos","item":"https:\/\/sonographycanada.ca\/fr\/a-propos"},{"@type":"ListItem","position":3,"name":"Derni\u00e8res nouvelles","item":"https:\/\/sonographycanada.ca\/fr\/a-propos\/dernieres-nouvelles"},{"@type":"ListItem","position":4,"name":"Mise \u00e0 jour sur les adh\u00e9sions"}]},{"@type":"WebSite","@id":"https:\/\/sonographycanada.ca\/#website","url":"https:\/\/sonographycanada.ca\/","name":"\u00c9chographie Canada","description":"La voix des \u00e9chographistes m\u00e9dicaux diagnostiques au Canada","potentialAction":[{"@type":"SearchAction","target":{"@type":"EntryPoint","urlTemplate":"https:\/\/sonographycanada.ca\/?s={search_term_string}"},"query-input":{"@type":"PropertyValueSpecification","valueRequired":true,"valueName":"search_term_string"}}],"inLanguage":"fr-FR"}]}},"featured_img":"https:\/\/sonographycanada.ca\/app\/uploads\/2023\/01\/Freelancing-Promotion-Facebook-Cover-Photo-8-355x200.png","coauthors":[],"author_meta":{"author_link":"https:\/\/sonographycanada.ca\/fr\/author\/0d5ec802-232c-412c-a161-de4a16f6855a","display_name":"Meagan Rockett"},"relative_dates":{"created":"Publi\u00e9 3 years il y a","modified":"Mis \u00e0 jour 3 years il y a"},"absolute_dates":{"created":"Publi\u00e9 le avril 25, 2023","modified":"Mise \u00e0 jour le avril 25, 2023"},"absolute_dates_time":{"created":"Publi\u00e9 le avril 25, 2023 4:00 pm","modified":"Mise \u00e0 jour le avril 25, 2023 4:00 pm"},"featured_img_caption":"","tax_additional":[],"series_order":"","_links":{"self":[{"href":"https:\/\/sonographycanada.ca\/fr\/wp-json\/wp\/v2\/news\/184601"}],"collection":[{"href":"https:\/\/sonographycanada.ca\/fr\/wp-json\/wp\/v2\/news"}],"about":[{"href":"https:\/\/sonographycanada.ca\/fr\/wp-json\/wp\/v2\/types\/news"}],"wp:featuredmedia":[{"embeddable":true,"href":"https:\/\/sonographycanada.ca\/fr\/wp-json\/wp\/v2\/media\/164777"}],"wp:attachment":[{"href":"https:\/\/sonographycanada.ca\/fr\/wp-json\/wp\/v2\/media?parent=184601"}],"curies":[{"name":"wp","href":"https:\/\/api.w.org\/{rel}","templated":true}]}}