{"id":197984,"date":"2023-07-31T14:56:52","date_gmt":"2023-07-31T18:56:52","guid":{"rendered":"https:\/\/sonographycanada.ca\/?post_type=news&#038;p=197984"},"modified":"2023-07-31T15:08:09","modified_gmt":"2023-07-31T19:08:09","slug":"du-bureau-de-la-directrice-executive-2","status":"publish","type":"news","link":"https:\/\/sonographycanada.ca\/fr\/news\/du-bureau-de-la-directrice-executive-2","title":{"rendered":"Du bureau de la directrice ex\u00e9cutive"},"content":{"rendered":"<div class=\"wp-block-image is-style-default\"><figure class=\"aligncenter is-resized\"><img loading=\"lazy\" decoding=\"async\" src=\"https:\/\/sonographycanada.ca\/app\/uploads\/2023\/01\/Freelancing-Promotion-Facebook-Cover-Photo-5.png\" alt=\"This image has an empty alt attribute; its file name is Freelancing-Promotion-Facebook-Cover-Photo-5.png\" width=\"900\" height=\"507\"\/><\/figure><\/div><p>L&#8217;\u00e9t\u00e9 est enfin arriv\u00e9 et l&#8217;\u00e9quipe d&#8217;\u00c9chographie Canada profite du soleil (entre les temp\u00eates qui ont secou\u00e9 Ottawa derni\u00e8rement). Nous esp\u00e9rons que vous passez \u00e9galement du temps bien m\u00e9rit\u00e9 \u00e0 l&#8217;ext\u00e9rieur!<\/p><p>Comme c&#8217;est l&#8217;\u00e9t\u00e9, l&#8217;\u00e9quipe prend des vacances bien m\u00e9rit\u00e9es. Ceci dit, nos heures de bureau demeurent en vigueur et l&#8217;\u00e9quipe s&#8217;occupera des t\u00e2ches des uns et des autres pendant les cong\u00e9s.&nbsp; Toutefois, il se peut que nous tardions un peu \u00e0 r\u00e9pondre \u00e0 vos demandes, mais nous sommes toujours l\u00e0 pour vous et nous vous r\u00e9pondrons le plus rapidement possible!<\/p><p>Notre AGA et journ\u00e9e p\u00e9dagogique du 24 juin dernier ont \u00e9t\u00e9 un succ\u00e8s, avec plus de 700 personnes inscrites.&nbsp; Si vous vous \u00eates inscrit \u00e0 la journ\u00e9e, mais que vous avez manqu\u00e9 certaines pr\u00e9sentations, vous avez acc\u00e8s aux enregistrements dans notre <a href=\"https:\/\/sonographycanada.ca\/fr\/membres\/video-library\"><strong>vid\u00e9oth\u00e8que<\/strong><\/a>. Nous vous encourageons \u00e0 vous connecter au centre de compte pour les visionner \u00e0 votre guise.<\/p><p>Ici \u00e0 \u00c9chographie Canada, nous nous pr\u00e9parons \u00e9galement pour une saison automnale tr\u00e8s occup\u00e9e alors que nous pr\u00e9parons une soumission pr\u00e9budg\u00e9taire avec notre \u00e9quipe de relations gouvernementales, SonoCon 2023, les journ\u00e9es de sp\u00e9cialit\u00e9 du DPC, et le lancement de notre programme de certification en \u00e9chographie de la carotide.&nbsp; Surveillez votre bo\u00eete de r\u00e9ception courriel pour des annonces tr\u00e8s excitantes, tr\u00e8s bient\u00f4t! Entre-temps, je souhaite \u00e0 tous un tr\u00e8s bel \u00e9t\u00e9, sain et reposant.<\/p>","protected":false},"author":6292,"featured_media":0,"template":"","class_list":["post-197984","news","type-news","status-publish","hentry"],"acf":[],"yoast_head":"<!-- This site is optimized with the Yoast SEO plugin v23.5 - https:\/\/yoast.com\/wordpress\/plugins\/seo\/ -->\n<title>Du bureau de la directrice ex\u00e9cutive - \u00c9chographie Canada<\/title>\n<meta name=\"robots\" content=\"index, follow, max-snippet:-1, max-image-preview:large, max-video-preview:-1\" \/>\n<link rel=\"canonical\" href=\"https:\/\/sonographycanada.ca\/fr\/news\/du-bureau-de-la-directrice-executive-2\" \/>\n<meta property=\"og:locale\" content=\"fr_FR\" \/>\n<meta property=\"og:type\" content=\"article\" \/>\n<meta property=\"og:title\" content=\"Du bureau de la directrice ex\u00e9cutive - \u00c9chographie Canada\" \/>\n<meta property=\"og:description\" content=\"L&#8217;\u00e9t\u00e9 est enfin arriv\u00e9 et l&#8217;\u00e9quipe d&#8217;\u00c9chographie Canada profite du soleil (entre les temp\u00eates qui ont secou\u00e9 Ottawa derni\u00e8rement). Nous esp\u00e9rons que vous passez \u00e9galement du temps bien m\u00e9rit\u00e9 \u00e0 l&#8217;ext\u00e9rieur! Comme c&#8217;est l&#8217;\u00e9t\u00e9, l&#8217;\u00e9quipe prend des vacances bien m\u00e9rit\u00e9es. Ceci dit, nos heures de bureau demeurent en vigueur et l&#8217;\u00e9quipe s&#8217;occupera des t\u00e2ches des [&hellip;]\" \/>\n<meta property=\"og:url\" content=\"https:\/\/sonographycanada.ca\/fr\/news\/du-bureau-de-la-directrice-executive-2\" \/>\n<meta property=\"og:site_name\" content=\"\u00c9chographie Canada\" \/>\n<meta property=\"article:modified_time\" content=\"2023-07-31T19:08:09+00:00\" \/>\n<meta property=\"og:image\" content=\"https:\/\/sonographycanada.ca\/app\/uploads\/2023\/01\/Freelancing-Promotion-Facebook-Cover-Photo-5.png\" \/>\n<meta name=\"twitter:card\" content=\"summary_large_image\" \/>\n<meta name=\"twitter:label1\" content=\"Est. reading time\" \/>\n\t<meta name=\"twitter:data1\" content=\"2 minutes\" \/>\n<script type=\"application\/ld+json\" class=\"yoast-schema-graph\">{\"@context\":\"https:\/\/schema.org\",\"@graph\":[{\"@type\":\"WebPage\",\"@id\":\"https:\/\/sonographycanada.ca\/fr\/news\/du-bureau-de-la-directrice-executive-2\",\"url\":\"https:\/\/sonographycanada.ca\/fr\/news\/du-bureau-de-la-directrice-executive-2\",\"name\":\"Du bureau de la directrice ex\u00e9cutive - \u00c9chographie Canada\",\"isPartOf\":{\"@id\":\"https:\/\/sonographycanada.ca\/#website\"},\"primaryImageOfPage\":{\"@id\":\"https:\/\/sonographycanada.ca\/fr\/news\/du-bureau-de-la-directrice-executive-2#primaryimage\"},\"image\":{\"@id\":\"https:\/\/sonographycanada.ca\/fr\/news\/du-bureau-de-la-directrice-executive-2#primaryimage\"},\"thumbnailUrl\":\"https:\/\/sonographycanada.ca\/app\/uploads\/2023\/01\/Freelancing-Promotion-Facebook-Cover-Photo-5.png\",\"datePublished\":\"2023-07-31T18:56:52+00:00\",\"dateModified\":\"2023-07-31T19:08:09+00:00\",\"breadcrumb\":{\"@id\":\"https:\/\/sonographycanada.ca\/fr\/news\/du-bureau-de-la-directrice-executive-2#breadcrumb\"},\"inLanguage\":\"fr-FR\",\"potentialAction\":[{\"@type\":\"ReadAction\",\"target\":[\"https:\/\/sonographycanada.ca\/fr\/news\/du-bureau-de-la-directrice-executive-2\"]}]},{\"@type\":\"ImageObject\",\"inLanguage\":\"fr-FR\",\"@id\":\"https:\/\/sonographycanada.ca\/fr\/news\/du-bureau-de-la-directrice-executive-2#primaryimage\",\"url\":\"https:\/\/sonographycanada.ca\/app\/uploads\/2023\/01\/Freelancing-Promotion-Facebook-Cover-Photo-5.png\",\"contentUrl\":\"https:\/\/sonographycanada.ca\/app\/uploads\/2023\/01\/Freelancing-Promotion-Facebook-Cover-Photo-5.png\"},{\"@type\":\"BreadcrumbList\",\"@id\":\"https:\/\/sonographycanada.ca\/fr\/news\/du-bureau-de-la-directrice-executive-2#breadcrumb\",\"itemListElement\":[{\"@type\":\"ListItem\",\"position\":1,\"name\":\"Accueil\",\"item\":\"https:\/\/sonographycanada.ca\/fr\"},{\"@type\":\"ListItem\",\"position\":2,\"name\":\"\u00c0 propos\",\"item\":\"https:\/\/sonographycanada.ca\/fr\/a-propos\"},{\"@type\":\"ListItem\",\"position\":3,\"name\":\"Derni\u00e8res nouvelles\",\"item\":\"https:\/\/sonographycanada.ca\/fr\/a-propos\/dernieres-nouvelles\"},{\"@type\":\"ListItem\",\"position\":4,\"name\":\"Du bureau de la directrice ex\u00e9cutive\"}]},{\"@type\":\"WebSite\",\"@id\":\"https:\/\/sonographycanada.ca\/#website\",\"url\":\"https:\/\/sonographycanada.ca\/\",\"name\":\"\u00c9chographie Canada\",\"description\":\"La voix des \u00e9chographistes m\u00e9dicaux diagnostiques au Canada\",\"potentialAction\":[{\"@type\":\"SearchAction\",\"target\":{\"@type\":\"EntryPoint\",\"urlTemplate\":\"https:\/\/sonographycanada.ca\/?s={search_term_string}\"},\"query-input\":{\"@type\":\"PropertyValueSpecification\",\"valueRequired\":true,\"valueName\":\"search_term_string\"}}],\"inLanguage\":\"fr-FR\"}]}<\/script>\n<!-- \/ Yoast SEO plugin. -->","yoast_head_json":{"title":"Du bureau de la directrice ex\u00e9cutive - \u00c9chographie Canada","robots":{"index":"index","follow":"follow","max-snippet":"max-snippet:-1","max-image-preview":"max-image-preview:large","max-video-preview":"max-video-preview:-1"},"canonical":"https:\/\/sonographycanada.ca\/fr\/news\/du-bureau-de-la-directrice-executive-2","og_locale":"fr_FR","og_type":"article","og_title":"Du bureau de la directrice ex\u00e9cutive - \u00c9chographie Canada","og_description":"L&#8217;\u00e9t\u00e9 est enfin arriv\u00e9 et l&#8217;\u00e9quipe d&#8217;\u00c9chographie Canada profite du soleil (entre les temp\u00eates qui ont secou\u00e9 Ottawa derni\u00e8rement). Nous esp\u00e9rons que vous passez \u00e9galement du temps bien m\u00e9rit\u00e9 \u00e0 l&#8217;ext\u00e9rieur! Comme c&#8217;est l&#8217;\u00e9t\u00e9, l&#8217;\u00e9quipe prend des vacances bien m\u00e9rit\u00e9es. Ceci dit, nos heures de bureau demeurent en vigueur et l&#8217;\u00e9quipe s&#8217;occupera des t\u00e2ches des [&hellip;]","og_url":"https:\/\/sonographycanada.ca\/fr\/news\/du-bureau-de-la-directrice-executive-2","og_site_name":"\u00c9chographie Canada","article_modified_time":"2023-07-31T19:08:09+00:00","og_image":[{"url":"https:\/\/sonographycanada.ca\/app\/uploads\/2023\/01\/Freelancing-Promotion-Facebook-Cover-Photo-5.png"}],"twitter_card":"summary_large_image","twitter_misc":{"Est. reading time":"2 minutes"},"schema":{"@context":"https:\/\/schema.org","@graph":[{"@type":"WebPage","@id":"https:\/\/sonographycanada.ca\/fr\/news\/du-bureau-de-la-directrice-executive-2","url":"https:\/\/sonographycanada.ca\/fr\/news\/du-bureau-de-la-directrice-executive-2","name":"Du bureau de la directrice ex\u00e9cutive - \u00c9chographie Canada","isPartOf":{"@id":"https:\/\/sonographycanada.ca\/#website"},"primaryImageOfPage":{"@id":"https:\/\/sonographycanada.ca\/fr\/news\/du-bureau-de-la-directrice-executive-2#primaryimage"},"image":{"@id":"https:\/\/sonographycanada.ca\/fr\/news\/du-bureau-de-la-directrice-executive-2#primaryimage"},"thumbnailUrl":"https:\/\/sonographycanada.ca\/app\/uploads\/2023\/01\/Freelancing-Promotion-Facebook-Cover-Photo-5.png","datePublished":"2023-07-31T18:56:52+00:00","dateModified":"2023-07-31T19:08:09+00:00","breadcrumb":{"@id":"https:\/\/sonographycanada.ca\/fr\/news\/du-bureau-de-la-directrice-executive-2#breadcrumb"},"inLanguage":"fr-FR","potentialAction":[{"@type":"ReadAction","target":["https:\/\/sonographycanada.ca\/fr\/news\/du-bureau-de-la-directrice-executive-2"]}]},{"@type":"ImageObject","inLanguage":"fr-FR","@id":"https:\/\/sonographycanada.ca\/fr\/news\/du-bureau-de-la-directrice-executive-2#primaryimage","url":"https:\/\/sonographycanada.ca\/app\/uploads\/2023\/01\/Freelancing-Promotion-Facebook-Cover-Photo-5.png","contentUrl":"https:\/\/sonographycanada.ca\/app\/uploads\/2023\/01\/Freelancing-Promotion-Facebook-Cover-Photo-5.png"},{"@type":"BreadcrumbList","@id":"https:\/\/sonographycanada.ca\/fr\/news\/du-bureau-de-la-directrice-executive-2#breadcrumb","itemListElement":[{"@type":"ListItem","position":1,"name":"Accueil","item":"https:\/\/sonographycanada.ca\/fr"},{"@type":"ListItem","position":2,"name":"\u00c0 propos","item":"https:\/\/sonographycanada.ca\/fr\/a-propos"},{"@type":"ListItem","position":3,"name":"Derni\u00e8res nouvelles","item":"https:\/\/sonographycanada.ca\/fr\/a-propos\/dernieres-nouvelles"},{"@type":"ListItem","position":4,"name":"Du bureau de la directrice ex\u00e9cutive"}]},{"@type":"WebSite","@id":"https:\/\/sonographycanada.ca\/#website","url":"https:\/\/sonographycanada.ca\/","name":"\u00c9chographie Canada","description":"La voix des \u00e9chographistes m\u00e9dicaux diagnostiques au Canada","potentialAction":[{"@type":"SearchAction","target":{"@type":"EntryPoint","urlTemplate":"https:\/\/sonographycanada.ca\/?s={search_term_string}"},"query-input":{"@type":"PropertyValueSpecification","valueRequired":true,"valueName":"search_term_string"}}],"inLanguage":"fr-FR"}]}},"featured_img":false,"coauthors":[],"author_meta":{"author_link":"https:\/\/sonographycanada.ca\/fr\/author\/f52a8b77-77f0-4a80-a14d-e810e02e1d7c","display_name":"Jody Guerin"},"relative_dates":{"created":"Publi\u00e9 3 years il y a","modified":"Mis \u00e0 jour 3 years il y a"},"absolute_dates":{"created":"Publi\u00e9 le juillet 31, 2023","modified":"Mise \u00e0 jour le juillet 31, 2023"},"absolute_dates_time":{"created":"Publi\u00e9 le juillet 31, 2023 2:56 pm","modified":"Mise \u00e0 jour le juillet 31, 2023 3:08 pm"},"featured_img_caption":"","tax_additional":[],"series_order":"","_links":{"self":[{"href":"https:\/\/sonographycanada.ca\/fr\/wp-json\/wp\/v2\/news\/197984"}],"collection":[{"href":"https:\/\/sonographycanada.ca\/fr\/wp-json\/wp\/v2\/news"}],"about":[{"href":"https:\/\/sonographycanada.ca\/fr\/wp-json\/wp\/v2\/types\/news"}],"wp:attachment":[{"href":"https:\/\/sonographycanada.ca\/fr\/wp-json\/wp\/v2\/media?parent=197984"}],"curies":[{"name":"wp","href":"https:\/\/api.w.org\/{rel}","templated":true}]}}