{"id":197991,"date":"2023-07-31T15:21:05","date_gmt":"2023-07-31T19:21:05","guid":{"rendered":"https:\/\/sonographycanada.ca\/?post_type=news&#038;p=197991"},"modified":"2023-07-31T15:21:07","modified_gmt":"2023-07-31T19:21:07","slug":"mise-a-jour-sur-le-dpc-3","status":"publish","type":"news","link":"https:\/\/sonographycanada.ca\/fr\/news\/mise-a-jour-sur-le-dpc-3","title":{"rendered":"Mise \u00e0 jour sur le DPC"},"content":{"rendered":"<div class=\"wp-block-image is-style-default\"><figure class=\"aligncenter is-resized\"><img loading=\"lazy\" decoding=\"async\" src=\"https:\/\/sonographycanada.ca\/app\/uploads\/2023\/01\/Freelancing-Promotion-Facebook-Cover-Photo-7.png\" alt=\"This image has an empty alt attribute; its file name is Freelancing-Promotion-Facebook-Cover-Photo-7.png\" width=\"840\" height=\"473\"\/><\/figure><\/div><p>Le comit\u00e9 du DPC a d\u00e9ploy\u00e9 beaucoup d&#8217;efforts pour offrir une programmation de haute qualit\u00e9 \u00e0 nos membres cette ann\u00e9e!&nbsp; Voici quelques mises \u00e0 jour :<\/p><p><strong>SonoCon 2023<\/strong> :<\/p><p>Le programme est affich\u00e9. Si vous envisagez d&#8217;assister \u00e0 la conf\u00e9rence en personne, vous pourrez participer \u00e0 des ateliers pratiques en plus de profiter de nos pr\u00e9sentations didactiques.<\/p><p>Nous abordons de nombreux sujets cette ann\u00e9e, y compris des sessions sur :<\/p><ul class=\"wp-block-list\"><li>l\u2019\u00e9chographie cardiaque et vasculaire<\/li><li>l\u2019\u00e9chographie musculosquelettique<\/li><li>l\u2019\u00e9chographie du sein<\/li><li>l\u2019\u00e9chographie g\u00e9n\u00e9raliste<\/li><li>&#8230; et plus encore!<\/li><\/ul><p><a href=\"https:\/\/sonographycanada.ca\/webinars-events-conferences\/sonography-canada-events\"><strong>Cliquez ici<\/strong><\/a>&nbsp; pour en apprendre davantage et pour vous inscrire! R\u00c9SERVEZ LA DATE!<\/p><p><strong>La Semaine de l\u2019\u00e9chographie <\/strong>aura lieu du 2 au 6 octobre 2023, et nous avons pr\u00e9vu une semaine de c\u00e9l\u00e9brations qui comprendra<strong> :<\/strong><\/p><ul class=\"wp-block-list\"><li>des activit\u00e9s vous m\u00e9ritant des cr\u00e9dits de DPC fond\u00e9s sur l\u2019\u00e9chographie et pertinents pour la pratique<\/li><li>un concours \u00e0 l\u2019intention des \u00e9tudiant(e)s<\/li><li>des affiches r\u00e9vis\u00e9es de la Semaine de l\u2019\u00e9chographie<\/li><li>&#8230; et plus encore!<\/li><\/ul><p>Demeurez \u00e0 l\u2019\u00e9coute et surveillez votre bo\u00eete de r\u00e9ception courriel pour des renseignements additionnels dans les semaines \u00e0 venir!<\/p>","protected":false},"author":6292,"featured_media":0,"template":"","class_list":["post-197991","news","type-news","status-publish","hentry"],"acf":[],"yoast_head":"<!-- This site is optimized with the Yoast SEO plugin v23.5 - https:\/\/yoast.com\/wordpress\/plugins\/seo\/ -->\n<title>Mise \u00e0 jour sur le DPC - \u00c9chographie Canada<\/title>\n<meta name=\"robots\" content=\"index, follow, max-snippet:-1, max-image-preview:large, max-video-preview:-1\" \/>\n<link rel=\"canonical\" href=\"https:\/\/sonographycanada.ca\/fr\/news\/mise-a-jour-sur-le-dpc-3\" \/>\n<meta property=\"og:locale\" content=\"fr_FR\" \/>\n<meta property=\"og:type\" content=\"article\" \/>\n<meta property=\"og:title\" content=\"Mise \u00e0 jour sur le DPC - \u00c9chographie Canada\" \/>\n<meta property=\"og:description\" content=\"Le comit\u00e9 du DPC a d\u00e9ploy\u00e9 beaucoup d&#8217;efforts pour offrir une programmation de haute qualit\u00e9 \u00e0 nos membres cette ann\u00e9e!&nbsp; Voici quelques mises \u00e0 jour : SonoCon 2023 : Le programme est affich\u00e9. Si vous envisagez d&#8217;assister \u00e0 la conf\u00e9rence en personne, vous pourrez participer \u00e0 des ateliers pratiques en plus de profiter de nos [&hellip;]\" \/>\n<meta property=\"og:url\" content=\"https:\/\/sonographycanada.ca\/fr\/news\/mise-a-jour-sur-le-dpc-3\" \/>\n<meta property=\"og:site_name\" content=\"\u00c9chographie Canada\" \/>\n<meta property=\"article:modified_time\" content=\"2023-07-31T19:21:07+00:00\" \/>\n<meta property=\"og:image\" content=\"https:\/\/sonographycanada.ca\/app\/uploads\/2023\/01\/Freelancing-Promotion-Facebook-Cover-Photo-7.png\" \/>\n<meta name=\"twitter:card\" content=\"summary_large_image\" \/>\n<meta name=\"twitter:label1\" content=\"Est. reading time\" \/>\n\t<meta name=\"twitter:data1\" content=\"1 minute\" \/>\n<script type=\"application\/ld+json\" class=\"yoast-schema-graph\">{\"@context\":\"https:\/\/schema.org\",\"@graph\":[{\"@type\":\"WebPage\",\"@id\":\"https:\/\/sonographycanada.ca\/fr\/news\/mise-a-jour-sur-le-dpc-3\",\"url\":\"https:\/\/sonographycanada.ca\/fr\/news\/mise-a-jour-sur-le-dpc-3\",\"name\":\"Mise \u00e0 jour sur le DPC - \u00c9chographie Canada\",\"isPartOf\":{\"@id\":\"https:\/\/sonographycanada.ca\/#website\"},\"primaryImageOfPage\":{\"@id\":\"https:\/\/sonographycanada.ca\/fr\/news\/mise-a-jour-sur-le-dpc-3#primaryimage\"},\"image\":{\"@id\":\"https:\/\/sonographycanada.ca\/fr\/news\/mise-a-jour-sur-le-dpc-3#primaryimage\"},\"thumbnailUrl\":\"https:\/\/sonographycanada.ca\/app\/uploads\/2023\/01\/Freelancing-Promotion-Facebook-Cover-Photo-7.png\",\"datePublished\":\"2023-07-31T19:21:05+00:00\",\"dateModified\":\"2023-07-31T19:21:07+00:00\",\"breadcrumb\":{\"@id\":\"https:\/\/sonographycanada.ca\/fr\/news\/mise-a-jour-sur-le-dpc-3#breadcrumb\"},\"inLanguage\":\"fr-FR\",\"potentialAction\":[{\"@type\":\"ReadAction\",\"target\":[\"https:\/\/sonographycanada.ca\/fr\/news\/mise-a-jour-sur-le-dpc-3\"]}]},{\"@type\":\"ImageObject\",\"inLanguage\":\"fr-FR\",\"@id\":\"https:\/\/sonographycanada.ca\/fr\/news\/mise-a-jour-sur-le-dpc-3#primaryimage\",\"url\":\"https:\/\/sonographycanada.ca\/app\/uploads\/2023\/01\/Freelancing-Promotion-Facebook-Cover-Photo-7.png\",\"contentUrl\":\"https:\/\/sonographycanada.ca\/app\/uploads\/2023\/01\/Freelancing-Promotion-Facebook-Cover-Photo-7.png\"},{\"@type\":\"BreadcrumbList\",\"@id\":\"https:\/\/sonographycanada.ca\/fr\/news\/mise-a-jour-sur-le-dpc-3#breadcrumb\",\"itemListElement\":[{\"@type\":\"ListItem\",\"position\":1,\"name\":\"Accueil\",\"item\":\"https:\/\/sonographycanada.ca\/fr\"},{\"@type\":\"ListItem\",\"position\":2,\"name\":\"\u00c0 propos\",\"item\":\"https:\/\/sonographycanada.ca\/fr\/a-propos\"},{\"@type\":\"ListItem\",\"position\":3,\"name\":\"Derni\u00e8res nouvelles\",\"item\":\"https:\/\/sonographycanada.ca\/fr\/a-propos\/dernieres-nouvelles\"},{\"@type\":\"ListItem\",\"position\":4,\"name\":\"Mise \u00e0 jour sur le DPC\"}]},{\"@type\":\"WebSite\",\"@id\":\"https:\/\/sonographycanada.ca\/#website\",\"url\":\"https:\/\/sonographycanada.ca\/\",\"name\":\"\u00c9chographie Canada\",\"description\":\"La voix des \u00e9chographistes m\u00e9dicaux diagnostiques au Canada\",\"potentialAction\":[{\"@type\":\"SearchAction\",\"target\":{\"@type\":\"EntryPoint\",\"urlTemplate\":\"https:\/\/sonographycanada.ca\/?s={search_term_string}\"},\"query-input\":{\"@type\":\"PropertyValueSpecification\",\"valueRequired\":true,\"valueName\":\"search_term_string\"}}],\"inLanguage\":\"fr-FR\"}]}<\/script>\n<!-- \/ Yoast SEO plugin. -->","yoast_head_json":{"title":"Mise \u00e0 jour sur le DPC - \u00c9chographie Canada","robots":{"index":"index","follow":"follow","max-snippet":"max-snippet:-1","max-image-preview":"max-image-preview:large","max-video-preview":"max-video-preview:-1"},"canonical":"https:\/\/sonographycanada.ca\/fr\/news\/mise-a-jour-sur-le-dpc-3","og_locale":"fr_FR","og_type":"article","og_title":"Mise \u00e0 jour sur le DPC - \u00c9chographie Canada","og_description":"Le comit\u00e9 du DPC a d\u00e9ploy\u00e9 beaucoup d&#8217;efforts pour offrir une programmation de haute qualit\u00e9 \u00e0 nos membres cette ann\u00e9e!&nbsp; Voici quelques mises \u00e0 jour : SonoCon 2023 : Le programme est affich\u00e9. Si vous envisagez d&#8217;assister \u00e0 la conf\u00e9rence en personne, vous pourrez participer \u00e0 des ateliers pratiques en plus de profiter de nos [&hellip;]","og_url":"https:\/\/sonographycanada.ca\/fr\/news\/mise-a-jour-sur-le-dpc-3","og_site_name":"\u00c9chographie Canada","article_modified_time":"2023-07-31T19:21:07+00:00","og_image":[{"url":"https:\/\/sonographycanada.ca\/app\/uploads\/2023\/01\/Freelancing-Promotion-Facebook-Cover-Photo-7.png"}],"twitter_card":"summary_large_image","twitter_misc":{"Est. reading time":"1 minute"},"schema":{"@context":"https:\/\/schema.org","@graph":[{"@type":"WebPage","@id":"https:\/\/sonographycanada.ca\/fr\/news\/mise-a-jour-sur-le-dpc-3","url":"https:\/\/sonographycanada.ca\/fr\/news\/mise-a-jour-sur-le-dpc-3","name":"Mise \u00e0 jour sur le DPC - \u00c9chographie Canada","isPartOf":{"@id":"https:\/\/sonographycanada.ca\/#website"},"primaryImageOfPage":{"@id":"https:\/\/sonographycanada.ca\/fr\/news\/mise-a-jour-sur-le-dpc-3#primaryimage"},"image":{"@id":"https:\/\/sonographycanada.ca\/fr\/news\/mise-a-jour-sur-le-dpc-3#primaryimage"},"thumbnailUrl":"https:\/\/sonographycanada.ca\/app\/uploads\/2023\/01\/Freelancing-Promotion-Facebook-Cover-Photo-7.png","datePublished":"2023-07-31T19:21:05+00:00","dateModified":"2023-07-31T19:21:07+00:00","breadcrumb":{"@id":"https:\/\/sonographycanada.ca\/fr\/news\/mise-a-jour-sur-le-dpc-3#breadcrumb"},"inLanguage":"fr-FR","potentialAction":[{"@type":"ReadAction","target":["https:\/\/sonographycanada.ca\/fr\/news\/mise-a-jour-sur-le-dpc-3"]}]},{"@type":"ImageObject","inLanguage":"fr-FR","@id":"https:\/\/sonographycanada.ca\/fr\/news\/mise-a-jour-sur-le-dpc-3#primaryimage","url":"https:\/\/sonographycanada.ca\/app\/uploads\/2023\/01\/Freelancing-Promotion-Facebook-Cover-Photo-7.png","contentUrl":"https:\/\/sonographycanada.ca\/app\/uploads\/2023\/01\/Freelancing-Promotion-Facebook-Cover-Photo-7.png"},{"@type":"BreadcrumbList","@id":"https:\/\/sonographycanada.ca\/fr\/news\/mise-a-jour-sur-le-dpc-3#breadcrumb","itemListElement":[{"@type":"ListItem","position":1,"name":"Accueil","item":"https:\/\/sonographycanada.ca\/fr"},{"@type":"ListItem","position":2,"name":"\u00c0 propos","item":"https:\/\/sonographycanada.ca\/fr\/a-propos"},{"@type":"ListItem","position":3,"name":"Derni\u00e8res nouvelles","item":"https:\/\/sonographycanada.ca\/fr\/a-propos\/dernieres-nouvelles"},{"@type":"ListItem","position":4,"name":"Mise \u00e0 jour sur le DPC"}]},{"@type":"WebSite","@id":"https:\/\/sonographycanada.ca\/#website","url":"https:\/\/sonographycanada.ca\/","name":"\u00c9chographie Canada","description":"La voix des \u00e9chographistes m\u00e9dicaux diagnostiques au Canada","potentialAction":[{"@type":"SearchAction","target":{"@type":"EntryPoint","urlTemplate":"https:\/\/sonographycanada.ca\/?s={search_term_string}"},"query-input":{"@type":"PropertyValueSpecification","valueRequired":true,"valueName":"search_term_string"}}],"inLanguage":"fr-FR"}]}},"featured_img":false,"coauthors":[],"author_meta":{"author_link":"https:\/\/sonographycanada.ca\/fr\/author\/f52a8b77-77f0-4a80-a14d-e810e02e1d7c","display_name":"Jody Guerin"},"relative_dates":{"created":"Publi\u00e9 3 years il y a","modified":"Mis \u00e0 jour 3 years il y a"},"absolute_dates":{"created":"Publi\u00e9 le juillet 31, 2023","modified":"Mise \u00e0 jour le juillet 31, 2023"},"absolute_dates_time":{"created":"Publi\u00e9 le juillet 31, 2023 3:21 pm","modified":"Mise \u00e0 jour le juillet 31, 2023 3:21 pm"},"featured_img_caption":"","tax_additional":[],"series_order":"","_links":{"self":[{"href":"https:\/\/sonographycanada.ca\/fr\/wp-json\/wp\/v2\/news\/197991"}],"collection":[{"href":"https:\/\/sonographycanada.ca\/fr\/wp-json\/wp\/v2\/news"}],"about":[{"href":"https:\/\/sonographycanada.ca\/fr\/wp-json\/wp\/v2\/types\/news"}],"wp:attachment":[{"href":"https:\/\/sonographycanada.ca\/fr\/wp-json\/wp\/v2\/media?parent=197991"}],"curies":[{"name":"wp","href":"https:\/\/api.w.org\/{rel}","templated":true}]}}